{"id":472,"date":"2015-12-31T17:07:47","date_gmt":"2015-12-31T21:07:47","guid":{"rendered":"http:\/\/www.chaosrequiem.com\/main\/?p=472"},"modified":"2020-11-28T22:56:18","modified_gmt":"2020-11-29T02:56:18","slug":"el-payaso-ensombrerado","status":"publish","type":"post","link":"https:\/\/chaosrequiem.com\/main\/el-payaso-ensombrerado\/","title":{"rendered":"El payaso ensombrerado"},"content":{"rendered":"<p>Va corriendo por las calles<br \/>\nen las noches y sin temor<br \/>\nno es una persona cualquiera<br \/>\nsino un payaso muy perturbador.<\/p>\n<p>Lleva un sombrero en su cabeza<br \/>\ny\u00a0siempre muestra una gran sonrisa<br \/>\n\u00c9l cuenta chistes y m\u00e1s chistes<br \/>\nacerca de su dif\u00edcil proeza.<\/p>\n<p>Escapado de una gran prisi\u00f3n<br \/>\nproveniente de otra dimensi\u00f3n<br \/>\ndonde s\u00f3lo hab\u00eda dolor y muchas penas<br \/>\nque destruyeron su realidad e imaginaci\u00f3n.<\/p>\n<p>Pero lleg\u00f3 ese gran d\u00eda donde tuvo una revelaci\u00f3n:<br \/>\n\u201c\u00bfpor qu\u00e9 no me r\u00edo de mi sufrimiento y de toda esta humillaci\u00f3n?<br \/>\nme quitaron todas mis emociones placenteras, incluyendo la del humor<br \/>\npero quiz\u00e1s pueda fingirla y as\u00ed disminuir este dolor\u201d<\/p>\n<p>Solt\u00f3 una d\u00e9bil carcajada que nadie pareci\u00f3 notar<br \/>\npero sigui\u00f3 intentando re\u00edr cada d\u00eda sin parar<br \/>\ny\u00a0aunque los dem\u00e1s lo opacaban con sus gritos de dolor<br \/>\nesto s\u00f3lo lo motivaba a re\u00edr con m\u00e1s furor.<\/p>\n<p>\u201c\u00bfY qui\u00e9n es ese chiflado que r\u00ede sin temor?\u201d<br \/>\n-dijo el carcelero enojado de aquel sucio sector.<br \/>\nCamin\u00f3 hasta la celda m\u00e1s vieja y grotesca del lugar:<br \/>\n\u201c\u00a1Ya basta #450 o te vas a lamentar!\u201d.<\/p>\n<p>Pero el sujeto de la celda no dejaba de carcajear<br \/>\ny\u00a0esto hizo que el carcelero ingresara a aquel lugar<br \/>\n\u00a1tremenda paliza llev\u00f3 aquel d\u00eda el sonriente reo!<br \/>\ny\u00a0qu\u00e9 decir del carcelero que sali\u00f3 agotado y con jadeos.<\/p>\n<p>Para sorpresa de todos, la risa volvi\u00f3 a escucharse<br \/>\ny\u00a0el carcelero continu\u00f3 castig\u00e1ndolo cada d\u00eda hasta cansarse<br \/>\npero todo era in\u00fatil y nada parec\u00eda funcionar<br \/>\nhaciendo que los otros reos y el carcelero tambi\u00e9n llegaran a carcajear.<\/p>\n<p>Los superiores decidieron aislarlo completamente de los dem\u00e1s<br \/>\npara as\u00ed no contagiar con su loca risa a nadie m\u00e1s<br \/>\nde manera que ahora el reo segu\u00eda riendo en soledad<br \/>\ny\u00a0esto hizo que su risa poco a poco disminuyera en intensidad.<\/p>\n<p>\u201c\u00a1Qu\u00e9 aburrido es estar solo, sin se\u00f1ales de nadie a mi alrededor!<br \/>\nno tengo muchos motivos para seguir riendo con exaltaci\u00f3n<br \/>\ncada d\u00eda pierdo m\u00e1s mi esencia en esta maldita habitaci\u00f3n<br \/>\n\u00a1si quiero seguir riendo\u2026 debo escapar de esta prisi\u00f3n!\u201d<\/p>\n<p>Y el reo escap\u00f3 esa misma ma\u00f1ana<br \/>\nsiendo todo un misterio c\u00f3mo logr\u00f3 tal haza\u00f1a<br \/>\npero ordenaron no buscarlo porque hab\u00edan logrado su cometido<br \/>\nque aqu\u00e9l criminal olvidara sus fechor\u00edas y se convirtiera en un nuevo individuo.<\/p>\n<p>Fue as\u00ed que este sujeto vagaba por cada dimensi\u00f3n<br \/>\nen la noches m\u00e1s oscuras buscando admiraci\u00f3n<br \/>\nde las personas de aquellos mundos para sacarles unas sonrisas<br \/>\naunque todos le hu\u00edan por su mirada occisa.<\/p>\n<p>El estar encerrado tanto tiempo le hab\u00eda deteriorado su apariencia<br \/>\nde manera que al verlo s\u00f3lo notaban su demencia<br \/>\ny\u00a0muy pocos llegaron a descubrir su verdadera intenci\u00f3n<br \/>\nque ahora era un simple payaso buscando un poco de aceptaci\u00f3n\u2026<\/p>\n<p><img loading=\"lazy\" decoding=\"async\" class=\"alignnone size-full wp-image-473\" src=\"http:\/\/www.chaosrequiem.com\/main\/wp-content\/uploads\/2015\/12\/el_payaso_ensombrerado_sincolor.png\" alt=\"el_payaso_ensombrerado_sincolor\" width=\"297\" height=\"217\" \/><\/p>\n<p><strong>Autor:<\/strong> Lev\u00ed Baldelomar Alvarez<\/p>\n","protected":false},"excerpt":{"rendered":"<p>Va corriendo por las calles en las noches y sin temor no es una persona cualquiera sino un payaso muy perturbador. Lleva un sombrero en su cabeza y\u00a0siempre muestra una gran sonrisa \u00c9l cuenta chistes y m\u00e1s chistes acerca de su dif\u00edcil proeza. Escapado de una gran prisi\u00f3n proveniente de otra dimensi\u00f3n donde s\u00f3lo hab\u00eda&hellip;&nbsp;<a href=\"https:\/\/chaosrequiem.com\/main\/el-payaso-ensombrerado\/\" rel=\"bookmark\"><span class=\"screen-reader-text\">El payaso ensombrerado<\/span><\/a><\/p>\n","protected":false},"author":1,"featured_media":473,"comment_status":"open","ping_status":"open","sticky":false,"template":"","format":"standard","meta":{"neve_meta_sidebar":"","neve_meta_container":"","neve_meta_enable_content_width":"","neve_meta_content_width":0,"neve_meta_title_alignment":"","neve_meta_author_avatar":"","neve_post_elements_order":"","neve_meta_disable_header":"","neve_meta_disable_footer":"","neve_meta_disable_title":"","footnotes":""},"categories":[37],"tags":[92,90,89,88,42,91],"class_list":["post-472","post","type-post","status-publish","format-standard","has-post-thumbnail","hentry","category-poemas","tag-carcel","tag-dimension","tag-ensombrerado","tag-payaso","tag-poema","tag-prision"],"yoast_head":"<!-- This site is optimized with the Yoast SEO plugin v27.5 - https:\/\/yoast.com\/product\/yoast-seo-wordpress\/ -->\n<title>El payaso ensombrerado - Chaos Requiem<\/title>\n<meta name=\"description\" content=\"Va corriendo por las calles en las noches y sin temor, no es una persona cualquiera sino un payaso muy perturbador.\" \/>\n<meta name=\"robots\" content=\"index, follow, max-snippet:-1, max-image-preview:large, max-video-preview:-1\" \/>\n<link rel=\"canonical\" href=\"https:\/\/chaosrequiem.com\/main\/el-payaso-ensombrerado\/\" \/>\n<meta property=\"og:locale\" content=\"es_MX\" \/>\n<meta property=\"og:type\" content=\"article\" \/>\n<meta property=\"og:title\" content=\"El payaso ensombrerado - Chaos Requiem\" \/>\n<meta property=\"og:description\" content=\"Va corriendo por las calles en las noches y sin temor, no es una persona cualquiera sino un payaso muy perturbador.\" \/>\n<meta property=\"og:url\" content=\"https:\/\/chaosrequiem.com\/main\/el-payaso-ensombrerado\/\" \/>\n<meta property=\"og:site_name\" content=\"Chaos Requiem\" \/>\n<meta property=\"article:published_time\" content=\"2015-12-31T21:07:47+00:00\" \/>\n<meta property=\"article:modified_time\" content=\"2020-11-29T02:56:18+00:00\" \/>\n<meta property=\"og:image\" content=\"https:\/\/chaosrequiem.com\/main\/wp-content\/uploads\/2015\/12\/el_payaso_ensombrerado_sincolor.png\" \/>\n\t<meta property=\"og:image:width\" content=\"297\" \/>\n\t<meta property=\"og:image:height\" content=\"217\" \/>\n\t<meta property=\"og:image:type\" content=\"image\/png\" \/>\n<meta name=\"author\" content=\"Lev\u00ed\" \/>\n<meta name=\"twitter:label1\" content=\"Escrito por\" \/>\n\t<meta name=\"twitter:data1\" content=\"Lev\u00ed\" \/>\n\t<meta name=\"twitter:label2\" content=\"Tiempo de lectura\" \/>\n\t<meta name=\"twitter:data2\" content=\"3 minutos\" \/>\n<script type=\"application\/ld+json\" class=\"yoast-schema-graph\">{\"@context\":\"https:\\\/\\\/schema.org\",\"@graph\":[{\"@type\":\"Article\",\"@id\":\"https:\\\/\\\/chaosrequiem.com\\\/main\\\/el-payaso-ensombrerado\\\/#article\",\"isPartOf\":{\"@id\":\"https:\\\/\\\/chaosrequiem.com\\\/main\\\/el-payaso-ensombrerado\\\/\"},\"author\":{\"name\":\"Lev\u00ed\",\"@id\":\"https:\\\/\\\/chaosrequiem.com\\\/main\\\/#\\\/schema\\\/person\\\/4e911944eec9b2e118805c6a3743af83\"},\"headline\":\"El payaso ensombrerado\",\"datePublished\":\"2015-12-31T21:07:47+00:00\",\"dateModified\":\"2020-11-29T02:56:18+00:00\",\"mainEntityOfPage\":{\"@id\":\"https:\\\/\\\/chaosrequiem.com\\\/main\\\/el-payaso-ensombrerado\\\/\"},\"wordCount\":503,\"commentCount\":0,\"publisher\":{\"@id\":\"https:\\\/\\\/chaosrequiem.com\\\/main\\\/#\\\/schema\\\/person\\\/4e911944eec9b2e118805c6a3743af83\"},\"image\":{\"@id\":\"https:\\\/\\\/chaosrequiem.com\\\/main\\\/el-payaso-ensombrerado\\\/#primaryimage\"},\"thumbnailUrl\":\"https:\\\/\\\/chaosrequiem.com\\\/main\\\/wp-content\\\/uploads\\\/2015\\\/12\\\/el_payaso_ensombrerado_sincolor.png\",\"keywords\":[\"carcel\",\"dimension\",\"ensombrerado\",\"payaso\",\"poema\",\"prision\"],\"articleSection\":[\"Poemas\"],\"inLanguage\":\"es\",\"potentialAction\":[{\"@type\":\"CommentAction\",\"name\":\"Comment\",\"target\":[\"https:\\\/\\\/chaosrequiem.com\\\/main\\\/el-payaso-ensombrerado\\\/#respond\"]}]},{\"@type\":\"WebPage\",\"@id\":\"https:\\\/\\\/chaosrequiem.com\\\/main\\\/el-payaso-ensombrerado\\\/\",\"url\":\"https:\\\/\\\/chaosrequiem.com\\\/main\\\/el-payaso-ensombrerado\\\/\",\"name\":\"El payaso ensombrerado - Chaos Requiem\",\"isPartOf\":{\"@id\":\"https:\\\/\\\/chaosrequiem.com\\\/main\\\/#website\"},\"primaryImageOfPage\":{\"@id\":\"https:\\\/\\\/chaosrequiem.com\\\/main\\\/el-payaso-ensombrerado\\\/#primaryimage\"},\"image\":{\"@id\":\"https:\\\/\\\/chaosrequiem.com\\\/main\\\/el-payaso-ensombrerado\\\/#primaryimage\"},\"thumbnailUrl\":\"https:\\\/\\\/chaosrequiem.com\\\/main\\\/wp-content\\\/uploads\\\/2015\\\/12\\\/el_payaso_ensombrerado_sincolor.png\",\"datePublished\":\"2015-12-31T21:07:47+00:00\",\"dateModified\":\"2020-11-29T02:56:18+00:00\",\"description\":\"Va corriendo por las calles en las noches y sin temor, no es una persona cualquiera sino un payaso muy perturbador.\",\"breadcrumb\":{\"@id\":\"https:\\\/\\\/chaosrequiem.com\\\/main\\\/el-payaso-ensombrerado\\\/#breadcrumb\"},\"inLanguage\":\"es\",\"potentialAction\":[{\"@type\":\"ReadAction\",\"target\":[\"https:\\\/\\\/chaosrequiem.com\\\/main\\\/el-payaso-ensombrerado\\\/\"]}]},{\"@type\":\"ImageObject\",\"inLanguage\":\"es\",\"@id\":\"https:\\\/\\\/chaosrequiem.com\\\/main\\\/el-payaso-ensombrerado\\\/#primaryimage\",\"url\":\"https:\\\/\\\/chaosrequiem.com\\\/main\\\/wp-content\\\/uploads\\\/2015\\\/12\\\/el_payaso_ensombrerado_sincolor.png\",\"contentUrl\":\"https:\\\/\\\/chaosrequiem.com\\\/main\\\/wp-content\\\/uploads\\\/2015\\\/12\\\/el_payaso_ensombrerado_sincolor.png\",\"width\":297,\"height\":217},{\"@type\":\"BreadcrumbList\",\"@id\":\"https:\\\/\\\/chaosrequiem.com\\\/main\\\/el-payaso-ensombrerado\\\/#breadcrumb\",\"itemListElement\":[{\"@type\":\"ListItem\",\"position\":1,\"name\":\"Inicio\",\"item\":\"https:\\\/\\\/chaosrequiem.com\\\/main\\\/\"},{\"@type\":\"ListItem\",\"position\":2,\"name\":\"El payaso ensombrerado\"}]},{\"@type\":\"WebSite\",\"@id\":\"https:\\\/\\\/chaosrequiem.com\\\/main\\\/#website\",\"url\":\"https:\\\/\\\/chaosrequiem.com\\\/main\\\/\",\"name\":\"Chaos Requiem\",\"description\":\"Un peque\u00f1o rinc\u00f3n donde pensamientos, ideas y sue\u00f1os muertos cobran vida por un instante.\",\"publisher\":{\"@id\":\"https:\\\/\\\/chaosrequiem.com\\\/main\\\/#\\\/schema\\\/person\\\/4e911944eec9b2e118805c6a3743af83\"},\"potentialAction\":[{\"@type\":\"SearchAction\",\"target\":{\"@type\":\"EntryPoint\",\"urlTemplate\":\"https:\\\/\\\/chaosrequiem.com\\\/main\\\/?s={search_term_string}\"},\"query-input\":{\"@type\":\"PropertyValueSpecification\",\"valueRequired\":true,\"valueName\":\"search_term_string\"}}],\"inLanguage\":\"es\"},{\"@type\":[\"Person\",\"Organization\"],\"@id\":\"https:\\\/\\\/chaosrequiem.com\\\/main\\\/#\\\/schema\\\/person\\\/4e911944eec9b2e118805c6a3743af83\",\"name\":\"Lev\u00ed\",\"image\":{\"@type\":\"ImageObject\",\"inLanguage\":\"es\",\"@id\":\"https:\\\/\\\/chaosrequiem.com\\\/main\\\/wp-content\\\/uploads\\\/2015\\\/03\\\/cr-logo-2.png\",\"url\":\"https:\\\/\\\/chaosrequiem.com\\\/main\\\/wp-content\\\/uploads\\\/2015\\\/03\\\/cr-logo-2.png\",\"contentUrl\":\"https:\\\/\\\/chaosrequiem.com\\\/main\\\/wp-content\\\/uploads\\\/2015\\\/03\\\/cr-logo-2.png\",\"width\":109,\"height\":32,\"caption\":\"Lev\u00ed\"},\"logo\":{\"@id\":\"https:\\\/\\\/chaosrequiem.com\\\/main\\\/wp-content\\\/uploads\\\/2015\\\/03\\\/cr-logo-2.png\"},\"url\":\"https:\\\/\\\/chaosrequiem.com\\\/main\\\/author\\\/orchestra-conductor\\\/\"}]}<\/script>\n<!-- \/ Yoast SEO plugin. -->","yoast_head_json":{"title":"El payaso ensombrerado - Chaos Requiem","description":"Va corriendo por las calles en las noches y sin temor, no es una persona cualquiera sino un payaso muy perturbador.","robots":{"index":"index","follow":"follow","max-snippet":"max-snippet:-1","max-image-preview":"max-image-preview:large","max-video-preview":"max-video-preview:-1"},"canonical":"https:\/\/chaosrequiem.com\/main\/el-payaso-ensombrerado\/","og_locale":"es_MX","og_type":"article","og_title":"El payaso ensombrerado - Chaos Requiem","og_description":"Va corriendo por las calles en las noches y sin temor, no es una persona cualquiera sino un payaso muy perturbador.","og_url":"https:\/\/chaosrequiem.com\/main\/el-payaso-ensombrerado\/","og_site_name":"Chaos Requiem","article_published_time":"2015-12-31T21:07:47+00:00","article_modified_time":"2020-11-29T02:56:18+00:00","og_image":[{"width":297,"height":217,"url":"https:\/\/chaosrequiem.com\/main\/wp-content\/uploads\/2015\/12\/el_payaso_ensombrerado_sincolor.png","type":"image\/png"}],"author":"Lev\u00ed","twitter_misc":{"Escrito por":"Lev\u00ed","Tiempo de lectura":"3 minutos"},"schema":{"@context":"https:\/\/schema.org","@graph":[{"@type":"Article","@id":"https:\/\/chaosrequiem.com\/main\/el-payaso-ensombrerado\/#article","isPartOf":{"@id":"https:\/\/chaosrequiem.com\/main\/el-payaso-ensombrerado\/"},"author":{"name":"Lev\u00ed","@id":"https:\/\/chaosrequiem.com\/main\/#\/schema\/person\/4e911944eec9b2e118805c6a3743af83"},"headline":"El payaso ensombrerado","datePublished":"2015-12-31T21:07:47+00:00","dateModified":"2020-11-29T02:56:18+00:00","mainEntityOfPage":{"@id":"https:\/\/chaosrequiem.com\/main\/el-payaso-ensombrerado\/"},"wordCount":503,"commentCount":0,"publisher":{"@id":"https:\/\/chaosrequiem.com\/main\/#\/schema\/person\/4e911944eec9b2e118805c6a3743af83"},"image":{"@id":"https:\/\/chaosrequiem.com\/main\/el-payaso-ensombrerado\/#primaryimage"},"thumbnailUrl":"https:\/\/chaosrequiem.com\/main\/wp-content\/uploads\/2015\/12\/el_payaso_ensombrerado_sincolor.png","keywords":["carcel","dimension","ensombrerado","payaso","poema","prision"],"articleSection":["Poemas"],"inLanguage":"es","potentialAction":[{"@type":"CommentAction","name":"Comment","target":["https:\/\/chaosrequiem.com\/main\/el-payaso-ensombrerado\/#respond"]}]},{"@type":"WebPage","@id":"https:\/\/chaosrequiem.com\/main\/el-payaso-ensombrerado\/","url":"https:\/\/chaosrequiem.com\/main\/el-payaso-ensombrerado\/","name":"El payaso ensombrerado - Chaos Requiem","isPartOf":{"@id":"https:\/\/chaosrequiem.com\/main\/#website"},"primaryImageOfPage":{"@id":"https:\/\/chaosrequiem.com\/main\/el-payaso-ensombrerado\/#primaryimage"},"image":{"@id":"https:\/\/chaosrequiem.com\/main\/el-payaso-ensombrerado\/#primaryimage"},"thumbnailUrl":"https:\/\/chaosrequiem.com\/main\/wp-content\/uploads\/2015\/12\/el_payaso_ensombrerado_sincolor.png","datePublished":"2015-12-31T21:07:47+00:00","dateModified":"2020-11-29T02:56:18+00:00","description":"Va corriendo por las calles en las noches y sin temor, no es una persona cualquiera sino un payaso muy perturbador.","breadcrumb":{"@id":"https:\/\/chaosrequiem.com\/main\/el-payaso-ensombrerado\/#breadcrumb"},"inLanguage":"es","potentialAction":[{"@type":"ReadAction","target":["https:\/\/chaosrequiem.com\/main\/el-payaso-ensombrerado\/"]}]},{"@type":"ImageObject","inLanguage":"es","@id":"https:\/\/chaosrequiem.com\/main\/el-payaso-ensombrerado\/#primaryimage","url":"https:\/\/chaosrequiem.com\/main\/wp-content\/uploads\/2015\/12\/el_payaso_ensombrerado_sincolor.png","contentUrl":"https:\/\/chaosrequiem.com\/main\/wp-content\/uploads\/2015\/12\/el_payaso_ensombrerado_sincolor.png","width":297,"height":217},{"@type":"BreadcrumbList","@id":"https:\/\/chaosrequiem.com\/main\/el-payaso-ensombrerado\/#breadcrumb","itemListElement":[{"@type":"ListItem","position":1,"name":"Inicio","item":"https:\/\/chaosrequiem.com\/main\/"},{"@type":"ListItem","position":2,"name":"El payaso ensombrerado"}]},{"@type":"WebSite","@id":"https:\/\/chaosrequiem.com\/main\/#website","url":"https:\/\/chaosrequiem.com\/main\/","name":"Chaos Requiem","description":"Un peque\u00f1o rinc\u00f3n donde pensamientos, ideas y sue\u00f1os muertos cobran vida por un instante.","publisher":{"@id":"https:\/\/chaosrequiem.com\/main\/#\/schema\/person\/4e911944eec9b2e118805c6a3743af83"},"potentialAction":[{"@type":"SearchAction","target":{"@type":"EntryPoint","urlTemplate":"https:\/\/chaosrequiem.com\/main\/?s={search_term_string}"},"query-input":{"@type":"PropertyValueSpecification","valueRequired":true,"valueName":"search_term_string"}}],"inLanguage":"es"},{"@type":["Person","Organization"],"@id":"https:\/\/chaosrequiem.com\/main\/#\/schema\/person\/4e911944eec9b2e118805c6a3743af83","name":"Lev\u00ed","image":{"@type":"ImageObject","inLanguage":"es","@id":"https:\/\/chaosrequiem.com\/main\/wp-content\/uploads\/2015\/03\/cr-logo-2.png","url":"https:\/\/chaosrequiem.com\/main\/wp-content\/uploads\/2015\/03\/cr-logo-2.png","contentUrl":"https:\/\/chaosrequiem.com\/main\/wp-content\/uploads\/2015\/03\/cr-logo-2.png","width":109,"height":32,"caption":"Lev\u00ed"},"logo":{"@id":"https:\/\/chaosrequiem.com\/main\/wp-content\/uploads\/2015\/03\/cr-logo-2.png"},"url":"https:\/\/chaosrequiem.com\/main\/author\/orchestra-conductor\/"}]}},"_links":{"self":[{"href":"https:\/\/chaosrequiem.com\/main\/wp-json\/wp\/v2\/posts\/472","targetHints":{"allow":["GET"]}}],"collection":[{"href":"https:\/\/chaosrequiem.com\/main\/wp-json\/wp\/v2\/posts"}],"about":[{"href":"https:\/\/chaosrequiem.com\/main\/wp-json\/wp\/v2\/types\/post"}],"author":[{"embeddable":true,"href":"https:\/\/chaosrequiem.com\/main\/wp-json\/wp\/v2\/users\/1"}],"replies":[{"embeddable":true,"href":"https:\/\/chaosrequiem.com\/main\/wp-json\/wp\/v2\/comments?post=472"}],"version-history":[{"count":7,"href":"https:\/\/chaosrequiem.com\/main\/wp-json\/wp\/v2\/posts\/472\/revisions"}],"predecessor-version":[{"id":1447,"href":"https:\/\/chaosrequiem.com\/main\/wp-json\/wp\/v2\/posts\/472\/revisions\/1447"}],"wp:featuredmedia":[{"embeddable":true,"href":"https:\/\/chaosrequiem.com\/main\/wp-json\/wp\/v2\/media\/473"}],"wp:attachment":[{"href":"https:\/\/chaosrequiem.com\/main\/wp-json\/wp\/v2\/media?parent=472"}],"wp:term":[{"taxonomy":"category","embeddable":true,"href":"https:\/\/chaosrequiem.com\/main\/wp-json\/wp\/v2\/categories?post=472"},{"taxonomy":"post_tag","embeddable":true,"href":"https:\/\/chaosrequiem.com\/main\/wp-json\/wp\/v2\/tags?post=472"}],"curies":[{"name":"wp","href":"https:\/\/api.w.org\/{rel}","templated":true}]}}