{"id":43,"date":"2015-04-01T19:06:36","date_gmt":"2015-04-01T23:06:36","guid":{"rendered":"http:\/\/www.chaosrequiem.com\/main\/?p=43"},"modified":"2015-08-08T20:52:33","modified_gmt":"2015-08-09T00:52:33","slug":"las-dos-aves","status":"publish","type":"post","link":"https:\/\/chaosrequiem.com\/main\/las-dos-aves\/","title":{"rendered":"Las dos aves"},"content":{"rendered":"<p style=\"text-align: justify;\">Era una ma\u00f1ana tranquila en la que mi padre y mi madre estaban en casa. Pap\u00e1 estaba sentado en un sill\u00f3n cerca de nuestra lavander\u00eda (no recuerdo con exactitud si \u00e9l estaba leyendo en ese momento o si simplemente estaba sentado) cuando mam\u00e1, que estaba en la cocina, le pidi\u00f3 que le ayudara sacando unos ma\u00edces de un costal (vayan ustedes a saber por qu\u00e9).<\/p>\n<p style=\"text-align: justify;\">En fin, cada uno de ellos estaba haciendo algo mientras yo estaba muy <em>tranquilote<\/em> en nuestro &#8220;patio&#8221; situado a la entrada de mi casa. El port\u00f3n estaba entreabierto y yo estaba sentado por ah\u00ed viendo hacia la calle, cuando de repente veo que aparece un ave un tanto extra\u00f1a&#8230; yo dir\u00eda que era algo as\u00ed como una especie de gallina sin crestas pero del tama\u00f1o de una paloma o quiz\u00e1s un poco m\u00e1s grande. Bueno, la cosa es que yo me qued\u00e9 viendo a aquella ave y parec\u00eda estar algo desubicada como si estuviera buscando comida o algo as\u00ed, el asunto es que yo, como vi que mi pap\u00e1 estaba con una bolsa de ma\u00edz cerca, tom\u00e9 un poco y se lo tir\u00e9 cerca a esa ave para que comiera.<\/p>\n<p style=\"text-align: justify;\">Naturalmente el ave comenz\u00f3 a comer y parec\u00eda a gusto, yo dir\u00eda que estaba feliz. Luego cuando me dirig\u00eda a la entrada del port\u00f3n vi que hab\u00edan m\u00e1s de esas aves y como vieron a la otra comer felizmente, pues entraron y se unieron al banquete.<\/p>\n<p style=\"text-align: justify;\">Todas estas aves no eran del mismo color, algunas eran m\u00e1s oscuras que otras, de hecho la primer ave era de color blanco. En fin, yo me sent\u00e9 cerca mientras sacaba ma\u00edz de la bolsa y se los arrojaba a estas aves, hasta aqu\u00ed todo parec\u00eda estar bien. Pero despu\u00e9s ocurri\u00f3 lo macabro: sin darme cuenta empezaron a entrar por el port\u00f3n otro tipo de aves muy diferentes a estas que he descrito. Estas aves intrusas eran un poco m\u00e1s grandes y ten\u00edan unos picos largos casi como los de tuc\u00e1n&#8230; s\u00f3lo que un poco m\u00e1s delgado. Luego estas aves se mezclaron con las otras y al parecer tambi\u00e9n estaban hambrientas. Yo continuaba sentado y bueno, pens\u00e9 que no habr\u00eda problema si tambi\u00e9n les daba de comer a estas aves&#8230; total, \u00bfcu\u00e1nto ma\u00edz podr\u00edan comer?, adem\u00e1s antes ya le hab\u00eda preguntado a mi madre si pod\u00eda seguir d\u00e1ndoles ma\u00edz del costal y ella me dijo que no hab\u00eda problema. As\u00ed que yo saqu\u00e9 un ma\u00edz del costal y se los arroj\u00e9 a estas aves todas mezcladas.<\/p>\n<p style=\"text-align: justify;\">Cuando el ma\u00edz toc\u00f3 el suelo, 2 aves se encontraban cerca e inmediatamente pusieron su vista sobre ese grano de ma\u00edz. Una de esas aves era la primera que hab\u00eda entrado (la de color blanco) y que en cierta forma sent\u00eda afecto por ella. La otra ave era de estas que entraron despu\u00e9s con su pico largo y amenazante. Cuando ambas se dispon\u00edan a correr para comerse ese grano de ma\u00edz, yo claramente vi que el ave blanca llegar\u00eda primero y se lo comer\u00eda&#8230; pero me equivoqu\u00e9, el ave blanca nunca pudo comerse ese grano de ma\u00edz porque muri\u00f3 antes de hacerlo o para ser m\u00e1s preciso fue brutalmente asesinada por la otra ave ya que a solo unos segundos de que el ave blanca alcanzara su objetivo, el ave intrusa con un movimiento incre\u00edblemente r\u00e1pido de su pico estrangul\u00f3 a la\u00a0otra&#8230; yo qued\u00e9 impactado y ve\u00eda como el ave intrusa segu\u00eda sosteniendo al otro ave en el aire con su pico y como goteaba sangre al suelo desde el cr\u00e1neo de la pobre ave blanca (si quieren detalles s\u00f3lo dir\u00e9 que vi que la muerte no fue instant\u00e1nea y pude ver como temblaba el cuerpo de la pobre ave hasta quedar inm\u00f3vil). Esta imagen parec\u00eda como si el ave intrusa estuviera sujetando alguna especie de trofeo con su pico.<\/p>\n<p style=\"text-align: justify;\">Luego mi padre, que hab\u00eda estado cerca cuando esto ocurri\u00f3, intentaba ir para hacer que el ave intrusa soltara el cuerpo sin vida de esa pobre ave. Ahora esta parte es la que no comprendo del todo en mi sue\u00f1o o al menos es dif\u00edcil de creer para m\u00ed: YO extend\u00ed una mano y fren\u00e9 a mi padre para que no se moviera (ya que \u00e9l estaba a punto de hacer algo) y adem\u00e1s le dije: &#8220;Ya no hay nada que hacer, el pobre muri\u00f3&#8230; es un proceso natural de la vida&#8221;. \u00a0Inmediatamente despu\u00e9s mi padre se detuvo.<\/p>\n<p style=\"text-align: justify;\">Luego cuando el ave intrusa finalmente solt\u00f3 a la otra ave yo la recog\u00ed, la mir\u00e9 y despu\u00e9s la llev\u00e9 donde mi madre.<\/p>\n<p style=\"text-align: justify;\">Ahora esta es la parte &#8220;c\u00f3mica&#8221; de mi sue\u00f1o: yo llev\u00e9 el ave a mi madre porque quer\u00eda preguntarle si al menos esa ave era comestible, pero ella me dijo que se pod\u00eda comer pero era\u00a0mejor no hacerlo.<\/p>\n<p style=\"text-align: justify;\">Y as\u00ed es como termin\u00f3 este sue\u00f1o&#8230; o al menos eso es lo que recuerdo (s\u00ed, ya s\u00e9 lo que piensan&#8230; arruin\u00e9 la historia al final).<\/p>\n","protected":false},"excerpt":{"rendered":"<p>Era una ma\u00f1ana tranquila en la que mi padre y mi madre estaban en casa. Pap\u00e1 estaba sentado en un sill\u00f3n cerca de nuestra lavander\u00eda (no recuerdo con exactitud si \u00e9l estaba leyendo en ese momento o si simplemente estaba sentado) cuando mam\u00e1, que estaba en la cocina, le pidi\u00f3 que le ayudara sacando unos&hellip;&nbsp;<a href=\"https:\/\/chaosrequiem.com\/main\/las-dos-aves\/\" rel=\"bookmark\"><span class=\"screen-reader-text\">Las dos aves<\/span><\/a><\/p>\n","protected":false},"author":1,"featured_media":279,"comment_status":"open","ping_status":"open","sticky":false,"template":"","format":"standard","meta":{"neve_meta_sidebar":"","neve_meta_container":"","neve_meta_enable_content_width":"","neve_meta_content_width":0,"neve_meta_title_alignment":"","neve_meta_author_avatar":"","neve_post_elements_order":"","neve_meta_disable_header":"","neve_meta_disable_footer":"","neve_meta_disable_title":"","footnotes":""},"categories":[2],"tags":[6,7,8,3],"class_list":["post-43","post","type-post","status-publish","format-standard","has-post-thumbnail","hentry","category-dreams","tag-aves","tag-competencia","tag-muerte","tag-sueno"],"yoast_head":"<!-- This site is optimized with the Yoast SEO plugin v27.5 - https:\/\/yoast.com\/product\/yoast-seo-wordpress\/ -->\n<title>Las dos aves - Chaos Requiem<\/title>\n<meta name=\"description\" content=\"Era una ma\u00f1ana tranquila en la que mi padre y mi madre estaban en casa. El port\u00f3n estaba entreabierto y de repente veo que aparece un ave extra\u00f1a...\" \/>\n<meta name=\"robots\" content=\"index, follow, max-snippet:-1, max-image-preview:large, max-video-preview:-1\" \/>\n<link rel=\"canonical\" href=\"https:\/\/chaosrequiem.com\/main\/las-dos-aves\/\" \/>\n<meta property=\"og:locale\" content=\"es_MX\" \/>\n<meta property=\"og:type\" content=\"article\" \/>\n<meta property=\"og:title\" content=\"Las dos aves - Chaos Requiem\" \/>\n<meta property=\"og:description\" content=\"Era una ma\u00f1ana tranquila en la que mi padre y mi madre estaban en casa. El port\u00f3n estaba entreabierto y de repente veo que aparece un ave extra\u00f1a...\" \/>\n<meta property=\"og:url\" content=\"https:\/\/chaosrequiem.com\/main\/las-dos-aves\/\" \/>\n<meta property=\"og:site_name\" content=\"Chaos Requiem\" \/>\n<meta property=\"article:published_time\" content=\"2015-04-01T23:06:36+00:00\" \/>\n<meta property=\"article:modified_time\" content=\"2015-08-09T00:52:33+00:00\" \/>\n<meta property=\"og:image\" content=\"https:\/\/chaosrequiem.com\/main\/wp-content\/uploads\/2015\/05\/256-bird2.png\" \/>\n\t<meta property=\"og:image:width\" content=\"256\" \/>\n\t<meta property=\"og:image:height\" content=\"256\" \/>\n\t<meta property=\"og:image:type\" content=\"image\/png\" \/>\n<meta name=\"author\" content=\"Lev\u00ed\" \/>\n<meta name=\"twitter:label1\" content=\"Escrito por\" \/>\n\t<meta name=\"twitter:data1\" content=\"Lev\u00ed\" \/>\n\t<meta name=\"twitter:label2\" content=\"Tiempo de lectura\" \/>\n\t<meta name=\"twitter:data2\" content=\"4 minutos\" \/>\n<script type=\"application\/ld+json\" class=\"yoast-schema-graph\">{\"@context\":\"https:\\\/\\\/schema.org\",\"@graph\":[{\"@type\":\"Article\",\"@id\":\"https:\\\/\\\/chaosrequiem.com\\\/main\\\/las-dos-aves\\\/#article\",\"isPartOf\":{\"@id\":\"https:\\\/\\\/chaosrequiem.com\\\/main\\\/las-dos-aves\\\/\"},\"author\":{\"name\":\"Lev\u00ed\",\"@id\":\"https:\\\/\\\/chaosrequiem.com\\\/main\\\/#\\\/schema\\\/person\\\/4e911944eec9b2e118805c6a3743af83\"},\"headline\":\"Las dos aves\",\"datePublished\":\"2015-04-01T23:06:36+00:00\",\"dateModified\":\"2015-08-09T00:52:33+00:00\",\"mainEntityOfPage\":{\"@id\":\"https:\\\/\\\/chaosrequiem.com\\\/main\\\/las-dos-aves\\\/\"},\"wordCount\":898,\"commentCount\":0,\"publisher\":{\"@id\":\"https:\\\/\\\/chaosrequiem.com\\\/main\\\/#\\\/schema\\\/person\\\/4e911944eec9b2e118805c6a3743af83\"},\"image\":{\"@id\":\"https:\\\/\\\/chaosrequiem.com\\\/main\\\/las-dos-aves\\\/#primaryimage\"},\"thumbnailUrl\":\"https:\\\/\\\/chaosrequiem.com\\\/main\\\/wp-content\\\/uploads\\\/2015\\\/05\\\/256-bird2.png\",\"keywords\":[\"aves\",\"competencia\",\"muerte\",\"sue\u00f1o\"],\"articleSection\":[\"Sue\u00f1os\"],\"inLanguage\":\"es\",\"potentialAction\":[{\"@type\":\"CommentAction\",\"name\":\"Comment\",\"target\":[\"https:\\\/\\\/chaosrequiem.com\\\/main\\\/las-dos-aves\\\/#respond\"]}]},{\"@type\":\"WebPage\",\"@id\":\"https:\\\/\\\/chaosrequiem.com\\\/main\\\/las-dos-aves\\\/\",\"url\":\"https:\\\/\\\/chaosrequiem.com\\\/main\\\/las-dos-aves\\\/\",\"name\":\"Las dos aves - Chaos Requiem\",\"isPartOf\":{\"@id\":\"https:\\\/\\\/chaosrequiem.com\\\/main\\\/#website\"},\"primaryImageOfPage\":{\"@id\":\"https:\\\/\\\/chaosrequiem.com\\\/main\\\/las-dos-aves\\\/#primaryimage\"},\"image\":{\"@id\":\"https:\\\/\\\/chaosrequiem.com\\\/main\\\/las-dos-aves\\\/#primaryimage\"},\"thumbnailUrl\":\"https:\\\/\\\/chaosrequiem.com\\\/main\\\/wp-content\\\/uploads\\\/2015\\\/05\\\/256-bird2.png\",\"datePublished\":\"2015-04-01T23:06:36+00:00\",\"dateModified\":\"2015-08-09T00:52:33+00:00\",\"description\":\"Era una ma\u00f1ana tranquila en la que mi padre y mi madre estaban en casa. El port\u00f3n estaba entreabierto y de repente veo que aparece un ave extra\u00f1a...\",\"breadcrumb\":{\"@id\":\"https:\\\/\\\/chaosrequiem.com\\\/main\\\/las-dos-aves\\\/#breadcrumb\"},\"inLanguage\":\"es\",\"potentialAction\":[{\"@type\":\"ReadAction\",\"target\":[\"https:\\\/\\\/chaosrequiem.com\\\/main\\\/las-dos-aves\\\/\"]}]},{\"@type\":\"ImageObject\",\"inLanguage\":\"es\",\"@id\":\"https:\\\/\\\/chaosrequiem.com\\\/main\\\/las-dos-aves\\\/#primaryimage\",\"url\":\"https:\\\/\\\/chaosrequiem.com\\\/main\\\/wp-content\\\/uploads\\\/2015\\\/05\\\/256-bird2.png\",\"contentUrl\":\"https:\\\/\\\/chaosrequiem.com\\\/main\\\/wp-content\\\/uploads\\\/2015\\\/05\\\/256-bird2.png\",\"width\":256,\"height\":256},{\"@type\":\"BreadcrumbList\",\"@id\":\"https:\\\/\\\/chaosrequiem.com\\\/main\\\/las-dos-aves\\\/#breadcrumb\",\"itemListElement\":[{\"@type\":\"ListItem\",\"position\":1,\"name\":\"Inicio\",\"item\":\"https:\\\/\\\/chaosrequiem.com\\\/main\\\/\"},{\"@type\":\"ListItem\",\"position\":2,\"name\":\"Las dos aves\"}]},{\"@type\":\"WebSite\",\"@id\":\"https:\\\/\\\/chaosrequiem.com\\\/main\\\/#website\",\"url\":\"https:\\\/\\\/chaosrequiem.com\\\/main\\\/\",\"name\":\"Chaos Requiem\",\"description\":\"Un peque\u00f1o rinc\u00f3n donde pensamientos, ideas y sue\u00f1os muertos cobran vida por un instante.\",\"publisher\":{\"@id\":\"https:\\\/\\\/chaosrequiem.com\\\/main\\\/#\\\/schema\\\/person\\\/4e911944eec9b2e118805c6a3743af83\"},\"potentialAction\":[{\"@type\":\"SearchAction\",\"target\":{\"@type\":\"EntryPoint\",\"urlTemplate\":\"https:\\\/\\\/chaosrequiem.com\\\/main\\\/?s={search_term_string}\"},\"query-input\":{\"@type\":\"PropertyValueSpecification\",\"valueRequired\":true,\"valueName\":\"search_term_string\"}}],\"inLanguage\":\"es\"},{\"@type\":[\"Person\",\"Organization\"],\"@id\":\"https:\\\/\\\/chaosrequiem.com\\\/main\\\/#\\\/schema\\\/person\\\/4e911944eec9b2e118805c6a3743af83\",\"name\":\"Lev\u00ed\",\"image\":{\"@type\":\"ImageObject\",\"inLanguage\":\"es\",\"@id\":\"https:\\\/\\\/chaosrequiem.com\\\/main\\\/wp-content\\\/uploads\\\/2015\\\/03\\\/cr-logo-2.png\",\"url\":\"https:\\\/\\\/chaosrequiem.com\\\/main\\\/wp-content\\\/uploads\\\/2015\\\/03\\\/cr-logo-2.png\",\"contentUrl\":\"https:\\\/\\\/chaosrequiem.com\\\/main\\\/wp-content\\\/uploads\\\/2015\\\/03\\\/cr-logo-2.png\",\"width\":109,\"height\":32,\"caption\":\"Lev\u00ed\"},\"logo\":{\"@id\":\"https:\\\/\\\/chaosrequiem.com\\\/main\\\/wp-content\\\/uploads\\\/2015\\\/03\\\/cr-logo-2.png\"},\"url\":\"https:\\\/\\\/chaosrequiem.com\\\/main\\\/author\\\/orchestra-conductor\\\/\"}]}<\/script>\n<!-- \/ Yoast SEO plugin. -->","yoast_head_json":{"title":"Las dos aves - Chaos Requiem","description":"Era una ma\u00f1ana tranquila en la que mi padre y mi madre estaban en casa. El port\u00f3n estaba entreabierto y de repente veo que aparece un ave extra\u00f1a...","robots":{"index":"index","follow":"follow","max-snippet":"max-snippet:-1","max-image-preview":"max-image-preview:large","max-video-preview":"max-video-preview:-1"},"canonical":"https:\/\/chaosrequiem.com\/main\/las-dos-aves\/","og_locale":"es_MX","og_type":"article","og_title":"Las dos aves - Chaos Requiem","og_description":"Era una ma\u00f1ana tranquila en la que mi padre y mi madre estaban en casa. El port\u00f3n estaba entreabierto y de repente veo que aparece un ave extra\u00f1a...","og_url":"https:\/\/chaosrequiem.com\/main\/las-dos-aves\/","og_site_name":"Chaos Requiem","article_published_time":"2015-04-01T23:06:36+00:00","article_modified_time":"2015-08-09T00:52:33+00:00","og_image":[{"width":256,"height":256,"url":"https:\/\/chaosrequiem.com\/main\/wp-content\/uploads\/2015\/05\/256-bird2.png","type":"image\/png"}],"author":"Lev\u00ed","twitter_misc":{"Escrito por":"Lev\u00ed","Tiempo de lectura":"4 minutos"},"schema":{"@context":"https:\/\/schema.org","@graph":[{"@type":"Article","@id":"https:\/\/chaosrequiem.com\/main\/las-dos-aves\/#article","isPartOf":{"@id":"https:\/\/chaosrequiem.com\/main\/las-dos-aves\/"},"author":{"name":"Lev\u00ed","@id":"https:\/\/chaosrequiem.com\/main\/#\/schema\/person\/4e911944eec9b2e118805c6a3743af83"},"headline":"Las dos aves","datePublished":"2015-04-01T23:06:36+00:00","dateModified":"2015-08-09T00:52:33+00:00","mainEntityOfPage":{"@id":"https:\/\/chaosrequiem.com\/main\/las-dos-aves\/"},"wordCount":898,"commentCount":0,"publisher":{"@id":"https:\/\/chaosrequiem.com\/main\/#\/schema\/person\/4e911944eec9b2e118805c6a3743af83"},"image":{"@id":"https:\/\/chaosrequiem.com\/main\/las-dos-aves\/#primaryimage"},"thumbnailUrl":"https:\/\/chaosrequiem.com\/main\/wp-content\/uploads\/2015\/05\/256-bird2.png","keywords":["aves","competencia","muerte","sue\u00f1o"],"articleSection":["Sue\u00f1os"],"inLanguage":"es","potentialAction":[{"@type":"CommentAction","name":"Comment","target":["https:\/\/chaosrequiem.com\/main\/las-dos-aves\/#respond"]}]},{"@type":"WebPage","@id":"https:\/\/chaosrequiem.com\/main\/las-dos-aves\/","url":"https:\/\/chaosrequiem.com\/main\/las-dos-aves\/","name":"Las dos aves - Chaos Requiem","isPartOf":{"@id":"https:\/\/chaosrequiem.com\/main\/#website"},"primaryImageOfPage":{"@id":"https:\/\/chaosrequiem.com\/main\/las-dos-aves\/#primaryimage"},"image":{"@id":"https:\/\/chaosrequiem.com\/main\/las-dos-aves\/#primaryimage"},"thumbnailUrl":"https:\/\/chaosrequiem.com\/main\/wp-content\/uploads\/2015\/05\/256-bird2.png","datePublished":"2015-04-01T23:06:36+00:00","dateModified":"2015-08-09T00:52:33+00:00","description":"Era una ma\u00f1ana tranquila en la que mi padre y mi madre estaban en casa. El port\u00f3n estaba entreabierto y de repente veo que aparece un ave extra\u00f1a...","breadcrumb":{"@id":"https:\/\/chaosrequiem.com\/main\/las-dos-aves\/#breadcrumb"},"inLanguage":"es","potentialAction":[{"@type":"ReadAction","target":["https:\/\/chaosrequiem.com\/main\/las-dos-aves\/"]}]},{"@type":"ImageObject","inLanguage":"es","@id":"https:\/\/chaosrequiem.com\/main\/las-dos-aves\/#primaryimage","url":"https:\/\/chaosrequiem.com\/main\/wp-content\/uploads\/2015\/05\/256-bird2.png","contentUrl":"https:\/\/chaosrequiem.com\/main\/wp-content\/uploads\/2015\/05\/256-bird2.png","width":256,"height":256},{"@type":"BreadcrumbList","@id":"https:\/\/chaosrequiem.com\/main\/las-dos-aves\/#breadcrumb","itemListElement":[{"@type":"ListItem","position":1,"name":"Inicio","item":"https:\/\/chaosrequiem.com\/main\/"},{"@type":"ListItem","position":2,"name":"Las dos aves"}]},{"@type":"WebSite","@id":"https:\/\/chaosrequiem.com\/main\/#website","url":"https:\/\/chaosrequiem.com\/main\/","name":"Chaos Requiem","description":"Un peque\u00f1o rinc\u00f3n donde pensamientos, ideas y sue\u00f1os muertos cobran vida por un instante.","publisher":{"@id":"https:\/\/chaosrequiem.com\/main\/#\/schema\/person\/4e911944eec9b2e118805c6a3743af83"},"potentialAction":[{"@type":"SearchAction","target":{"@type":"EntryPoint","urlTemplate":"https:\/\/chaosrequiem.com\/main\/?s={search_term_string}"},"query-input":{"@type":"PropertyValueSpecification","valueRequired":true,"valueName":"search_term_string"}}],"inLanguage":"es"},{"@type":["Person","Organization"],"@id":"https:\/\/chaosrequiem.com\/main\/#\/schema\/person\/4e911944eec9b2e118805c6a3743af83","name":"Lev\u00ed","image":{"@type":"ImageObject","inLanguage":"es","@id":"https:\/\/chaosrequiem.com\/main\/wp-content\/uploads\/2015\/03\/cr-logo-2.png","url":"https:\/\/chaosrequiem.com\/main\/wp-content\/uploads\/2015\/03\/cr-logo-2.png","contentUrl":"https:\/\/chaosrequiem.com\/main\/wp-content\/uploads\/2015\/03\/cr-logo-2.png","width":109,"height":32,"caption":"Lev\u00ed"},"logo":{"@id":"https:\/\/chaosrequiem.com\/main\/wp-content\/uploads\/2015\/03\/cr-logo-2.png"},"url":"https:\/\/chaosrequiem.com\/main\/author\/orchestra-conductor\/"}]}},"_links":{"self":[{"href":"https:\/\/chaosrequiem.com\/main\/wp-json\/wp\/v2\/posts\/43","targetHints":{"allow":["GET"]}}],"collection":[{"href":"https:\/\/chaosrequiem.com\/main\/wp-json\/wp\/v2\/posts"}],"about":[{"href":"https:\/\/chaosrequiem.com\/main\/wp-json\/wp\/v2\/types\/post"}],"author":[{"embeddable":true,"href":"https:\/\/chaosrequiem.com\/main\/wp-json\/wp\/v2\/users\/1"}],"replies":[{"embeddable":true,"href":"https:\/\/chaosrequiem.com\/main\/wp-json\/wp\/v2\/comments?post=43"}],"version-history":[{"count":7,"href":"https:\/\/chaosrequiem.com\/main\/wp-json\/wp\/v2\/posts\/43\/revisions"}],"predecessor-version":[{"id":53,"href":"https:\/\/chaosrequiem.com\/main\/wp-json\/wp\/v2\/posts\/43\/revisions\/53"}],"wp:featuredmedia":[{"embeddable":true,"href":"https:\/\/chaosrequiem.com\/main\/wp-json\/wp\/v2\/media\/279"}],"wp:attachment":[{"href":"https:\/\/chaosrequiem.com\/main\/wp-json\/wp\/v2\/media?parent=43"}],"wp:term":[{"taxonomy":"category","embeddable":true,"href":"https:\/\/chaosrequiem.com\/main\/wp-json\/wp\/v2\/categories?post=43"},{"taxonomy":"post_tag","embeddable":true,"href":"https:\/\/chaosrequiem.com\/main\/wp-json\/wp\/v2\/tags?post=43"}],"curies":[{"name":"wp","href":"https:\/\/api.w.org\/{rel}","templated":true}]}}